{"id":2265,"date":"2025-03-17T22:27:51","date_gmt":"2025-03-17T21:27:51","guid":{"rendered":"https:\/\/elstyle.cz\/?p=2265"},"modified":"2025-03-24T21:54:46","modified_gmt":"2025-03-24T20:54:46","slug":"jak-spravne-pecovat-o-obleceni-aby-vypadalo-jako-nove","status":"publish","type":"post","link":"https:\/\/bydlime-stylove.cz\/?p=2265","title":{"rendered":"Jak spr\u00e1vn\u011b pe\u010dovat o oble\u010den\u00ed, aby vypadalo jako nov\u00e9?"},"content":{"rendered":"\n<p>Oble\u010den\u00ed je investic\u00ed, a\u0165 u\u017e jde o kvalitn\u00ed z\u00e1kladn\u00ed kousky nebo trendy z\u00e1le\u017eitosti, kter\u00e9 si po\u0159izujeme ka\u017ed\u00fd rok. Aby na\u0161e oble\u010den\u00ed dlouho vydr\u017eelo a vypadalo st\u00e1le jako nov\u00e9, je d\u016fle\u017eit\u00e9 v\u011bnovat mu spr\u00e1vnou p\u00e9\u010di. Zde je n\u011bkolik praktick\u00fdch tip\u016f, jak pe\u010dovat o oble\u010den\u00ed, aby z\u016fstalo kr\u00e1sn\u00e9 co nejd\u00e9le.<\/p>\n\n\n\n<h3 class=\"wp-block-heading\"><strong>1. Pran\u00ed podle etikety<\/strong><\/h3>\n\n\n\n<p>Ka\u017ed\u00fd kousek oble\u010den\u00ed by m\u011bl b\u00fdt pran\u00fd podle pokyn\u016f na \u0161t\u00edtku. To zahrnuje doporu\u010denou teplotu vody, zp\u016fsob pran\u00ed (ru\u010dn\u00ed nebo v pra\u010dce) a konkr\u00e9tn\u00ed pokyny ohledn\u011b su\u0161en\u00ed. Pokud budete dodr\u017eovat doporu\u010den\u00ed, oble\u010den\u00ed se m\u00e9n\u011b opot\u0159ebov\u00e1v\u00e1 a zachov\u00e1 si svou barvu a tvar.<\/p>\n\n\n\n<ul class=\"wp-block-list\">\n<li><strong>Teplota vody:<\/strong> Pran\u00ed na vy\u0161\u0161\u00edch teplot\u00e1ch m\u016f\u017ee po\u0161kodit vl\u00e1kna a zp\u016fsobit vyblednut\u00ed barev. Na v\u011bt\u0161inu oble\u010den\u00ed je ide\u00e1ln\u00ed pran\u00ed na 30-40 \u00b0C.<\/li>\n\n\n\n<li><strong>\u0160etrn\u00e9 pran\u00ed:<\/strong> Pokud jde o citliv\u00e9 materi\u00e1ly, pou\u017e\u00edvejte jemn\u00fd program a s\u00ed\u0165ov\u00e9 s\u00e1\u010dky na ochranu oble\u010den\u00ed.<\/li>\n<\/ul>\n\n\n\n<h3 class=\"wp-block-heading\"><strong>2. Pou\u017eit\u00ed spr\u00e1vn\u00e9ho detergentu<\/strong><\/h3>\n\n\n\n<p>Vyberte si detergenty, kter\u00e9 jsou \u0161etrn\u00e9 k barv\u00e1m a vl\u00e1kn\u016fm oble\u010den\u00ed. Pro barevn\u00e9 oble\u010den\u00ed pou\u017eijte prac\u00ed prost\u0159edky ur\u010den\u00e9 na barevn\u00e9 pr\u00e1dlo, kter\u00e9 zabr\u00e1n\u00ed jejich vyblednut\u00ed. Pro b\u00edl\u00e9 pr\u00e1dlo lze zvolit prost\u0159edky s optick\u00fdmi zjas\u0148ova\u010di, kter\u00e9 udr\u017e\u00ed b\u00edl\u00e9 oble\u010den\u00ed z\u00e1\u0159iv\u00e9.<\/p>\n\n\n\n<ul class=\"wp-block-list\">\n<li><strong>Prac\u00ed prost\u0159edky:<\/strong> Zvolte kvalitn\u00ed pr\u00e1\u0161ek nebo gel bez agresivn\u00edch chemik\u00e1li\u00ed, kter\u00e9 by mohly po\u0161kodit materi\u00e1ly.<\/li>\n\n\n\n<li><strong>Speci\u00e1ln\u00ed prost\u0159edky:<\/strong> Pro jemn\u00e9 materi\u00e1ly, jako je vlna nebo hedv\u00e1b\u00ed, pou\u017eijte prost\u0159edky ur\u010den\u00e9 specificky pro tyto tkaniny.<\/li>\n<\/ul>\n\n\n\n<h3 class=\"wp-block-heading\"><strong>3. \u0160etrn\u00e9 su\u0161en\u00ed<\/strong><\/h3>\n\n\n\n<p>Su\u0161en\u00ed oble\u010den\u00ed je \u010dasto opom\u00edjen\u00fdm, ale kl\u00ed\u010dov\u00fdm faktorem pro zachov\u00e1n\u00ed jeho vzhledu. Ne v\u0161echny kousky oble\u010den\u00ed by m\u011bly b\u00fdt su\u0161eny v su\u0161i\u010dce, proto\u017ee vysok\u00e9 teploty mohou zp\u016fsobit ztr\u00e1tu tvaru a zkr\u00e1cen\u00ed \u017eivotnosti materi\u00e1l\u016f.<\/p>\n\n\n\n<ul class=\"wp-block-list\">\n<li><strong>Su\u0161en\u00ed na vzduchu:<\/strong> Oble\u010den\u00ed su\u0161te rad\u011bji na vzduchu, ide\u00e1ln\u011b na ram\u00ednk\u00e1ch nebo ve vodorovn\u00e9 poloze, aby se udr\u017eel jeho tvar.<\/li>\n\n\n\n<li><strong>Su\u0161i\u010dka:<\/strong> Pokud su\u0161\u00edte oble\u010den\u00ed v su\u0161i\u010dce, dbejte na to, aby bylo pou\u017eito n\u00edzk\u00e9 teploty a jemn\u00e9ho programu.<\/li>\n\n\n\n<li><strong>Nebojte se odst\u0159e\u010fov\u00e1n\u00ed:<\/strong> Pokud oble\u010den\u00ed nen\u00ed p\u0159\u00edli\u0161 citliv\u00e9, vy\u0161\u0161\u00ed odst\u0159e\u010fov\u00e1n\u00ed m\u016f\u017ee urychlit su\u0161en\u00ed a \u0161et\u0159it \u010das.<\/li>\n<\/ul>\n\n\n\n<h3 class=\"wp-block-heading\"><strong>4. \u017dehlen\u00ed s rozumem<\/strong><\/h3>\n\n\n\n<p>Spr\u00e1vn\u00e9 \u017eehlen\u00ed prodlu\u017euje \u017eivotnost oble\u010den\u00ed a udr\u017euje jeho vzhled. V\u017edy zkontrolujte \u0161t\u00edtek oble\u010den\u00ed, proto\u017ee n\u011bkter\u00e9 materi\u00e1ly vy\u017eaduj\u00ed specifickou teplotu nebo mohou b\u00fdt zcela ne\u017eehliteln\u00e9.<\/p>\n\n\n\n<ul class=\"wp-block-list\">\n<li><strong>P\u0159eh\u0159\u00e1t\u00e1 \u017eehli\u010dka:<\/strong> \u017dehli\u010dka by m\u011bla b\u00fdt nastavena na spr\u00e1vnou teplotu podle typu materi\u00e1lu. P\u0159\u00edli\u0161 vysok\u00e1 teplota m\u016f\u017ee po\u0161kodit vl\u00e1kna a zp\u016fsobit lesk na l\u00e1tk\u00e1ch.<\/li>\n\n\n\n<li><strong>Pou\u017e\u00edvejte napa\u0159ov\u00e1n\u00ed:<\/strong> Pro v\u011bt\u0161inu tkanin je vhodn\u00e9 napa\u0159ov\u00e1n\u00ed, kter\u00e9 nejen odstran\u00ed z\u00e1hyby, ale tak\u00e9 pom\u016f\u017ee obnovit strukturu l\u00e1tky.<\/li>\n<\/ul>\n\n\n\n<h3 class=\"wp-block-heading\"><strong>5. Skladov\u00e1n\u00ed oble\u010den\u00ed<\/strong><\/h3>\n\n\n\n<p>Spr\u00e1vn\u00e9 skladov\u00e1n\u00ed oble\u010den\u00ed hraje kl\u00ed\u010dovou roli v udr\u017eov\u00e1n\u00ed jeho vzhledu. Oble\u010den\u00ed by m\u011blo b\u00fdt spr\u00e1vn\u011b zav\u011b\u0161eno nebo ulo\u017eeno, aby se nepo\u0161kodilo nebo nezdeformovalo.<\/p>\n\n\n\n<ul class=\"wp-block-list\">\n<li><strong>Z\u00e1v\u011bsn\u00e9 v\u011b\u0161\u00e1ky:<\/strong> M\u00edsto toho, abyste skl\u00e1dali ko\u0161ile nebo \u0161aty, je lep\u0161\u00ed je pov\u011bsit na kvalitn\u00ed ram\u00ednka. Pro t\u011b\u017e\u0161\u00ed oble\u010den\u00ed, jako jsou kab\u00e1ty, zvolte siln\u011bj\u0161\u00ed ram\u00ednka, kter\u00e1 oble\u010den\u00ed udr\u017e\u00ed ve spr\u00e1vn\u00e9m tvaru.<\/li>\n\n\n\n<li><strong>Skladov\u00e1n\u00ed ve sk\u0159\u00edni:<\/strong> Oble\u010den\u00ed by m\u011blo b\u00fdt ulo\u017eeno na such\u00e9m, chladn\u00e9m m\u00edst\u011b a ide\u00e1ln\u011b v dob\u0159e v\u011btran\u00e9 sk\u0159\u00edni, aby se p\u0159ede\u0161lo vzniku pl\u00edsn\u00ed.<\/li>\n\n\n\n<li><strong>Skladov\u00e1n\u00ed sez\u00f3nn\u00edch kousk\u016f:<\/strong> Pro oble\u010den\u00ed, kter\u00e9 nen\u00ed v dan\u00e9 sez\u00f3n\u011b aktu\u00e1ln\u00ed, pou\u017eijte vakuov\u00e9 pytle nebo kartonov\u00e9 krabice, aby bylo chr\u00e1n\u011bno p\u0159ed prachem a po\u0161kozen\u00edm.<\/li>\n<\/ul>\n\n\n\n<h3 class=\"wp-block-heading\"><strong>6. \u00dadr\u017eba tmav\u00fdch a barevn\u00fdch l\u00e1tek<\/strong><\/h3>\n\n\n\n<p>Tmav\u00e9 a barevn\u00e9 oble\u010den\u00ed m\u00e1 tendenci vyblednout, pokud nen\u00ed o\u0161et\u0159ov\u00e1no spr\u00e1vn\u011b. Pou\u017e\u00edvejte speci\u00e1ln\u00ed prac\u00ed prost\u0159edky na barevn\u00e9 pr\u00e1dlo a oble\u010den\u00ed perte naruby, aby se zachovala intenzita barev.<\/p>\n\n\n\n<ul class=\"wp-block-list\">\n<li><strong>P\u0159edch\u00e1zejte vyblednut\u00ed:<\/strong> Pran\u00ed naruby a pou\u017e\u00edv\u00e1n\u00ed prost\u0159edk\u016f na barevn\u00e9 pr\u00e1dlo pom\u00e1h\u00e1 udr\u017eet barvy \u017eiv\u00e9.<\/li>\n\n\n\n<li><strong>Skladov\u00e1n\u00ed:<\/strong> Tmav\u00e9 oble\u010den\u00ed uchov\u00e1vejte v dob\u0159e osv\u011btlen\u00fdch prostor\u00e1ch, aby se p\u0159ede\u0161lo za\u0161ednut\u00ed.<\/li>\n<\/ul>\n\n\n\n<h3 class=\"wp-block-heading\"><strong>7. P\u00e9\u010de o jemn\u00e9 materi\u00e1ly<\/strong><\/h3>\n\n\n\n<p>Jemn\u00e9 tkaniny jako hedv\u00e1b\u00ed, vlna nebo ka\u0161m\u00edr si zaslou\u017e\u00ed speci\u00e1ln\u00ed p\u00e9\u010di. Zde je n\u011bkolik tip\u016f, jak o n\u011b pe\u010dovat:<\/p>\n\n\n\n<ul class=\"wp-block-list\">\n<li><strong>Hedv\u00e1b\u00ed:<\/strong> Perte hedv\u00e1b\u00ed ru\u010dn\u011b nebo v jemn\u00e9m programu s chladnou vodou. Nepou\u017e\u00edvejte aviv\u00e1\u017e a po vypr\u00e1n\u00ed jemn\u011b vy\u017ed\u00edmejte do ru\u010dn\u00edku.<\/li>\n\n\n\n<li><strong>Vlna a ka\u0161m\u00edr:<\/strong> Pro vln\u011bn\u00e9 a ka\u0161m\u00edrov\u00e9 svetry pou\u017eijte speci\u00e1ln\u00ed prac\u00ed prost\u0159edky a perte je na jemn\u00e9m programu. Pro zachov\u00e1n\u00ed tvaru je doporu\u010deno su\u0161en\u00ed na vodorovn\u00e9 plo\u0161e.<\/li>\n<\/ul>\n\n\n\n<h3 class=\"wp-block-heading\"><strong>8. Opravy a \u00fadr\u017eba<\/strong><\/h3>\n\n\n\n<p>Men\u0161\u00ed opravy a \u00fadr\u017eba mohou prodlou\u017eit \u017eivotnost oble\u010den\u00ed. Pokud si v\u0161imnete praskl\u00e9 knofl\u00edky nebo mal\u00fdch d\u00edrek, sna\u017ete se je opravit co nejd\u0159\u00edve. Dlouho neopraven\u00e9 po\u0161kozen\u00ed m\u016f\u017ee zp\u016fsobit v\u011bt\u0161\u00ed probl\u00e9my, kter\u00e9 se t\u011b\u017eko \u0159e\u0161\u00ed.<\/p>\n\n\n\n<ul class=\"wp-block-list\">\n<li><strong>\u0160it\u00ed a opravy:<\/strong> Nau\u010dte se jednoduch\u00e9 \u0161it\u00ed, abyste mohli opravit mal\u00e9 po\u0161kozen\u00ed (nap\u0159\u00edklad p\u0159i\u0161\u00edt knofl\u00edk nebo za\u0161\u00edt malou d\u00edrku).<\/li>\n\n\n\n<li><strong>Vyvarujte se \u010dast\u00fdm zm\u011bn\u00e1m velikosti:<\/strong> Pokud si koup\u00edte oble\u010den\u00ed, kter\u00e9 v\u00e1m nesed\u00ed, sna\u017ete se vyhnout jeho zbyte\u010dn\u00e9mu z\u00fa\u017een\u00ed nebo prodlou\u017een\u00ed, proto\u017ee t\u00edm m\u016f\u017ee b\u00fdt materi\u00e1l po\u0161kozen.<\/li>\n<\/ul>\n\n\n\n<h3 class=\"wp-block-heading\"><strong>Z\u00e1v\u011br<\/strong><\/h3>\n\n\n\n<p>P\u00e9\u010de o oble\u010den\u00ed nen\u00ed n\u00e1ro\u010dn\u00e1, pokud se zam\u011b\u0159\u00edte na spr\u00e1vn\u00e9 pran\u00ed, su\u0161en\u00ed a skladov\u00e1n\u00ed. V\u011bnov\u00e1n\u00ed pozornosti t\u011bmto detail\u016fm zajist\u00ed, \u017ee va\u0161e oble\u010den\u00ed bude vypadat jako nov\u00e9, a\u0165 u\u017e je to v\u00e1\u0161 obl\u00edben\u00fd svetr, elegantn\u00ed ko\u0161ile nebo nov\u00fd kab\u00e1t. S trochou \u00fasil\u00ed a spr\u00e1vnou p\u00e9\u010d\u00ed budete moci sv\u00e9 obl\u00edben\u00e9 kousky nosit je\u0161t\u011b mnoho let!<\/p>\n","protected":false},"excerpt":{"rendered":"<p>Oble\u010den\u00ed je investic\u00ed, a\u0165 u\u017e jde o kvalitn\u00ed z\u00e1kladn\u00ed kousky nebo trendy z\u00e1le\u017eitosti, kter\u00e9 si po\u0159izujeme ka\u017ed\u00fd rok. Aby na\u0161e oble\u010den\u00ed dlouho vydr\u017eelo a vypadalo st\u00e1le jako nov\u00e9, je d\u016fle\u017eit\u00e9&hellip;<\/p>\n","protected":false},"author":1,"featured_media":2266,"comment_status":"closed","ping_status":"closed","sticky":false,"template":"","format":"standard","meta":{"_sitemap_exclude":false,"_sitemap_priority":"","_sitemap_frequency":"","_lmt_disableupdate":"","_lmt_disable":"","footnotes":""},"categories":[1],"tags":[],"class_list":["post-2265","post","type-post","status-publish","format-standard","has-post-thumbnail","hentry","category-rady-a-navody"],"_links":{"self":[{"href":"https:\/\/bydlime-stylove.cz\/index.php?rest_route=\/wp\/v2\/posts\/2265","targetHints":{"allow":["GET"]}}],"collection":[{"href":"https:\/\/bydlime-stylove.cz\/index.php?rest_route=\/wp\/v2\/posts"}],"about":[{"href":"https:\/\/bydlime-stylove.cz\/index.php?rest_route=\/wp\/v2\/types\/post"}],"author":[{"embeddable":true,"href":"https:\/\/bydlime-stylove.cz\/index.php?rest_route=\/wp\/v2\/users\/1"}],"replies":[{"embeddable":true,"href":"https:\/\/bydlime-stylove.cz\/index.php?rest_route=%2Fwp%2Fv2%2Fcomments&post=2265"}],"version-history":[{"count":1,"href":"https:\/\/bydlime-stylove.cz\/index.php?rest_route=\/wp\/v2\/posts\/2265\/revisions"}],"predecessor-version":[{"id":2546,"href":"https:\/\/bydlime-stylove.cz\/index.php?rest_route=\/wp\/v2\/posts\/2265\/revisions\/2546"}],"wp:featuredmedia":[{"embeddable":true,"href":"https:\/\/bydlime-stylove.cz\/index.php?rest_route=\/wp\/v2\/media\/2266"}],"wp:attachment":[{"href":"https:\/\/bydlime-stylove.cz\/index.php?rest_route=%2Fwp%2Fv2%2Fmedia&parent=2265"}],"wp:term":[{"taxonomy":"category","embeddable":true,"href":"https:\/\/bydlime-stylove.cz\/index.php?rest_route=%2Fwp%2Fv2%2Fcategories&post=2265"},{"taxonomy":"post_tag","embeddable":true,"href":"https:\/\/bydlime-stylove.cz\/index.php?rest_route=%2Fwp%2Fv2%2Ftags&post=2265"}],"curies":[{"name":"wp","href":"https:\/\/api.w.org\/{rel}","templated":true}]}}